{"id":6999,"date":"2024-03-13T10:39:35","date_gmt":"2024-03-13T10:39:35","guid":{"rendered":"https:\/\/sofima.pt\/?p=6999"},"modified":"2024-03-13T10:49:49","modified_gmt":"2024-03-13T10:49:49","slug":"comecamos-o-ano-de-2024-a-mudar-a-imagem","status":"publish","type":"post","link":"https:\/\/sofima.pt\/en\/comecamos-o-ano-de-2024-a-mudar-a-imagem\/","title":{"rendered":"Come\u00e7amos o ano de 2024 a mudar a imagem!"},"content":{"rendered":"\n<p>Come\u00e7amos o ano de 2024 a mudar a imagem!<\/p>\n\n\n\n<p>A fachada da SOFIMA foi totalmente renovada.<\/p>\n\n\n\n<figure class=\"wp-block-gallery has-nested-images columns-default is-cropped wp-block-gallery-1 is-layout-flex wp-block-gallery-is-layout-flex\">\n<figure class=\"wp-block-image size-large\"><img decoding=\"async\" width=\"1024\" height=\"768\" sizes=\"(max-width: 1024px) 100vw, 1024px\" data-id=\"7000\" src=\"https:\/\/sofima.pt\/wp-content\/uploads\/2024\/03\/IMG_20240312_135948-1024x768.jpg\" alt=\"\" class=\"wp-image-7000\" srcset=\"https:\/\/sofima.pt\/wp-content\/uploads\/2024\/03\/IMG_20240312_135948-1024x768.jpg 1024w, https:\/\/sofima.pt\/wp-content\/uploads\/2024\/03\/IMG_20240312_135948-300x225.jpg 300w, https:\/\/sofima.pt\/wp-content\/uploads\/2024\/03\/IMG_20240312_135948-768x576.jpg 768w, https:\/\/sofima.pt\/wp-content\/uploads\/2024\/03\/IMG_20240312_135948-1536x1152.jpg 1536w, https:\/\/sofima.pt\/wp-content\/uploads\/2024\/03\/IMG_20240312_135948.jpg 1920w\" \/><\/figure>\n\n\n\n<figure class=\"wp-block-image size-large\"><img decoding=\"async\" width=\"1024\" height=\"768\" sizes=\"(max-width: 1024px) 100vw, 1024px\" data-id=\"7003\" src=\"https:\/\/sofima.pt\/wp-content\/uploads\/2024\/03\/IMG_20240312_135910-1024x768.jpg\" alt=\"\" class=\"wp-image-7003\" srcset=\"https:\/\/sofima.pt\/wp-content\/uploads\/2024\/03\/IMG_20240312_135910-1024x768.jpg 1024w, https:\/\/sofima.pt\/wp-content\/uploads\/2024\/03\/IMG_20240312_135910-300x225.jpg 300w, https:\/\/sofima.pt\/wp-content\/uploads\/2024\/03\/IMG_20240312_135910-768x576.jpg 768w, https:\/\/sofima.pt\/wp-content\/uploads\/2024\/03\/IMG_20240312_135910-1536x1152.jpg 1536w, https:\/\/sofima.pt\/wp-content\/uploads\/2024\/03\/IMG_20240312_135910.jpg 1920w\" \/><\/figure>\n\n\n\n<figure class=\"wp-block-image size-large\"><img decoding=\"async\" width=\"1024\" height=\"768\" sizes=\"(max-width: 1024px) 100vw, 1024px\" data-id=\"7006\" src=\"https:\/\/sofima.pt\/wp-content\/uploads\/2024\/03\/IMG_20240312_140414-1024x768.jpg\" alt=\"\" class=\"wp-image-7006\" srcset=\"https:\/\/sofima.pt\/wp-content\/uploads\/2024\/03\/IMG_20240312_140414-1024x768.jpg 1024w, https:\/\/sofima.pt\/wp-content\/uploads\/2024\/03\/IMG_20240312_140414-300x225.jpg 300w, https:\/\/sofima.pt\/wp-content\/uploads\/2024\/03\/IMG_20240312_140414-768x576.jpg 768w, https:\/\/sofima.pt\/wp-content\/uploads\/2024\/03\/IMG_20240312_140414-1536x1152.jpg 1536w, https:\/\/sofima.pt\/wp-content\/uploads\/2024\/03\/IMG_20240312_140414.jpg 1920w\" \/><\/figure>\n<\/figure>\n\n\n\n<p>Foram feitas obras de conserva\u00e7\u00e3o na parte exterior da empresa, melhoramento dos jardins e cria\u00e7\u00e3o de um parque de antiguidades.<\/p>\n\n\n\n<p>No interior foram realizadas obras que, juntamente com a aquisi\u00e7\u00e3o de mobili\u00e1rio novo, modernizaram os escrit\u00f3rios e armaz\u00e9m de venda ao p\u00fablico.<\/p>\n","protected":false},"excerpt":{"rendered":"<p>Come\u00e7amos o ano de 2024 a mudar a imagem! A fachada da SOFIMA foi totalmente renovada. Foram feitas obras de conserva\u00e7\u00e3o na parte exterior da&#8230;<\/p>\n","protected":false},"author":1,"featured_media":7003,"comment_status":"closed","ping_status":"closed","sticky":false,"template":"","format":"standard","meta":{"footnotes":""},"categories":[18],"tags":[],"class_list":{"0":"post-6999","1":"post","2":"type-post","3":"status-publish","4":"format-standard","5":"has-post-thumbnail","7":"category-noticias"},"yoast_head":"<!-- This site is optimized with the Yoast SEO plugin v27.5 - https:\/\/yoast.com\/product\/yoast-seo-wordpress\/ -->\n<title>Come\u00e7amos o ano de 2024 a mudar a imagem! - SOFIMA<\/title>\n<meta name=\"robots\" content=\"index, follow, max-snippet:-1, max-image-preview:large, max-video-preview:-1\" \/>\n<link rel=\"canonical\" href=\"https:\/\/sofima.pt\/en\/comecamos-o-ano-de-2024-a-mudar-a-imagem\/\" \/>\n<meta property=\"og:locale\" content=\"en_US\" \/>\n<meta property=\"og:type\" content=\"article\" \/>\n<meta property=\"og:title\" content=\"Come\u00e7amos o ano de 2024 a mudar a imagem! - SOFIMA\" \/>\n<meta property=\"og:description\" content=\"Come\u00e7amos o ano de 2024 a mudar a imagem! A fachada da SOFIMA foi totalmente renovada. Foram feitas obras de conserva\u00e7\u00e3o na parte exterior da...\" \/>\n<meta property=\"og:url\" content=\"https:\/\/sofima.pt\/en\/comecamos-o-ano-de-2024-a-mudar-a-imagem\/\" \/>\n<meta property=\"og:site_name\" content=\"SOFIMA\" \/>\n<meta property=\"article:published_time\" content=\"2024-03-13T10:39:35+00:00\" \/>\n<meta property=\"article:modified_time\" content=\"2024-03-13T10:49:49+00:00\" \/>\n<meta property=\"og:image\" content=\"https:\/\/sofima.pt\/wp-content\/uploads\/2024\/03\/IMG_20240312_135910.jpg\" \/>\n\t<meta property=\"og:image:width\" content=\"1920\" \/>\n\t<meta property=\"og:image:height\" content=\"1440\" \/>\n\t<meta property=\"og:image:type\" content=\"image\/jpeg\" \/>\n<meta name=\"author\" content=\"admin\" \/>\n<meta name=\"twitter:card\" content=\"summary_large_image\" \/>\n<meta name=\"twitter:label1\" content=\"Written by\" \/>\n\t<meta name=\"twitter:data1\" content=\"admin\" \/>\n\t<meta name=\"twitter:label2\" content=\"Est. reading time\" \/>\n\t<meta name=\"twitter:data2\" content=\"2 minutes\" \/>\n<script type=\"application\/ld+json\" class=\"yoast-schema-graph\">{\"@context\":\"https:\\\/\\\/schema.org\",\"@graph\":[{\"@type\":\"Article\",\"@id\":\"https:\\\/\\\/sofima.pt\\\/en\\\/comecamos-o-ano-de-2024-a-mudar-a-imagem\\\/#article\",\"isPartOf\":{\"@id\":\"https:\\\/\\\/sofima.pt\\\/en\\\/comecamos-o-ano-de-2024-a-mudar-a-imagem\\\/\"},\"author\":{\"name\":\"admin\",\"@id\":\"https:\\\/\\\/sofima.pt\\\/en\\\/#\\\/schema\\\/person\\\/da7c3389b7fd2dfe441b2d931d51af8b\"},\"headline\":\"Come\u00e7amos o ano de 2024 a mudar a imagem!\",\"datePublished\":\"2024-03-13T10:39:35+00:00\",\"dateModified\":\"2024-03-13T10:49:49+00:00\",\"mainEntityOfPage\":{\"@id\":\"https:\\\/\\\/sofima.pt\\\/en\\\/comecamos-o-ano-de-2024-a-mudar-a-imagem\\\/\"},\"wordCount\":74,\"publisher\":{\"@id\":\"https:\\\/\\\/sofima.pt\\\/en\\\/#organization\"},\"image\":{\"@id\":\"https:\\\/\\\/sofima.pt\\\/en\\\/comecamos-o-ano-de-2024-a-mudar-a-imagem\\\/#primaryimage\"},\"thumbnailUrl\":\"https:\\\/\\\/sofima.pt\\\/wp-content\\\/uploads\\\/2024\\\/03\\\/IMG_20240312_135910.jpg\",\"articleSection\":[\"Not\u00edcias\"],\"inLanguage\":\"en-US\"},{\"@type\":\"WebPage\",\"@id\":\"https:\\\/\\\/sofima.pt\\\/en\\\/comecamos-o-ano-de-2024-a-mudar-a-imagem\\\/\",\"url\":\"https:\\\/\\\/sofima.pt\\\/en\\\/comecamos-o-ano-de-2024-a-mudar-a-imagem\\\/\",\"name\":\"Come\u00e7amos o ano de 2024 a mudar a imagem! - SOFIMA\",\"isPartOf\":{\"@id\":\"https:\\\/\\\/sofima.pt\\\/en\\\/#website\"},\"primaryImageOfPage\":{\"@id\":\"https:\\\/\\\/sofima.pt\\\/en\\\/comecamos-o-ano-de-2024-a-mudar-a-imagem\\\/#primaryimage\"},\"image\":{\"@id\":\"https:\\\/\\\/sofima.pt\\\/en\\\/comecamos-o-ano-de-2024-a-mudar-a-imagem\\\/#primaryimage\"},\"thumbnailUrl\":\"https:\\\/\\\/sofima.pt\\\/wp-content\\\/uploads\\\/2024\\\/03\\\/IMG_20240312_135910.jpg\",\"datePublished\":\"2024-03-13T10:39:35+00:00\",\"dateModified\":\"2024-03-13T10:49:49+00:00\",\"breadcrumb\":{\"@id\":\"https:\\\/\\\/sofima.pt\\\/en\\\/comecamos-o-ano-de-2024-a-mudar-a-imagem\\\/#breadcrumb\"},\"inLanguage\":\"en-US\",\"potentialAction\":[{\"@type\":\"ReadAction\",\"target\":[\"https:\\\/\\\/sofima.pt\\\/en\\\/comecamos-o-ano-de-2024-a-mudar-a-imagem\\\/\"]}]},{\"@type\":\"ImageObject\",\"inLanguage\":\"en-US\",\"@id\":\"https:\\\/\\\/sofima.pt\\\/en\\\/comecamos-o-ano-de-2024-a-mudar-a-imagem\\\/#primaryimage\",\"url\":\"https:\\\/\\\/sofima.pt\\\/wp-content\\\/uploads\\\/2024\\\/03\\\/IMG_20240312_135910.jpg\",\"contentUrl\":\"https:\\\/\\\/sofima.pt\\\/wp-content\\\/uploads\\\/2024\\\/03\\\/IMG_20240312_135910.jpg\",\"width\":1920,\"height\":1440},{\"@type\":\"BreadcrumbList\",\"@id\":\"https:\\\/\\\/sofima.pt\\\/en\\\/comecamos-o-ano-de-2024-a-mudar-a-imagem\\\/#breadcrumb\",\"itemListElement\":[{\"@type\":\"ListItem\",\"position\":1,\"name\":\"In\u00edcio\",\"item\":\"https:\\\/\\\/sofima.pt\\\/en\\\/\"},{\"@type\":\"ListItem\",\"position\":2,\"name\":\"Come\u00e7amos o ano de 2024 a mudar a imagem!\"}]},{\"@type\":\"WebSite\",\"@id\":\"https:\\\/\\\/sofima.pt\\\/en\\\/#website\",\"url\":\"https:\\\/\\\/sofima.pt\\\/en\\\/\",\"name\":\"SOFIMA\",\"description\":\"HANDLES OF PORTUGAL\",\"publisher\":{\"@id\":\"https:\\\/\\\/sofima.pt\\\/en\\\/#organization\"},\"potentialAction\":[{\"@type\":\"SearchAction\",\"target\":{\"@type\":\"EntryPoint\",\"urlTemplate\":\"https:\\\/\\\/sofima.pt\\\/en\\\/?s={search_term_string}\"},\"query-input\":{\"@type\":\"PropertyValueSpecification\",\"valueRequired\":true,\"valueName\":\"search_term_string\"}}],\"inLanguage\":\"en-US\"},{\"@type\":\"Organization\",\"@id\":\"https:\\\/\\\/sofima.pt\\\/en\\\/#organization\",\"name\":\"SOFIMA\",\"url\":\"https:\\\/\\\/sofima.pt\\\/en\\\/\",\"logo\":{\"@type\":\"ImageObject\",\"inLanguage\":\"en-US\",\"@id\":\"https:\\\/\\\/sofima.pt\\\/en\\\/#\\\/schema\\\/logo\\\/image\\\/\",\"url\":\"https:\\\/\\\/sofima.pt\\\/wp-content\\\/uploads\\\/2023\\\/03\\\/sofima.pt-logotipo-horizontal-cor-retina.png\",\"contentUrl\":\"https:\\\/\\\/sofima.pt\\\/wp-content\\\/uploads\\\/2023\\\/03\\\/sofima.pt-logotipo-horizontal-cor-retina.png\",\"width\":1920,\"height\":676,\"caption\":\"SOFIMA\"},\"image\":{\"@id\":\"https:\\\/\\\/sofima.pt\\\/en\\\/#\\\/schema\\\/logo\\\/image\\\/\"}},{\"@type\":\"Person\",\"@id\":\"https:\\\/\\\/sofima.pt\\\/en\\\/#\\\/schema\\\/person\\\/da7c3389b7fd2dfe441b2d931d51af8b\",\"name\":\"admin\",\"image\":{\"@type\":\"ImageObject\",\"inLanguage\":\"en-US\",\"@id\":\"https:\\\/\\\/secure.gravatar.com\\\/avatar\\\/8ce7d6850e9f1801d454889885e336d366f243f4d60c5079b3f0bde0f1906967?s=96&d=mm&r=g\",\"url\":\"https:\\\/\\\/secure.gravatar.com\\\/avatar\\\/8ce7d6850e9f1801d454889885e336d366f243f4d60c5079b3f0bde0f1906967?s=96&d=mm&r=g\",\"contentUrl\":\"https:\\\/\\\/secure.gravatar.com\\\/avatar\\\/8ce7d6850e9f1801d454889885e336d366f243f4d60c5079b3f0bde0f1906967?s=96&d=mm&r=g\",\"caption\":\"admin\"},\"sameAs\":[\"https:\\\/\\\/sofima.pt\"],\"url\":\"https:\\\/\\\/sofima.pt\\\/en\\\/author\\\/admin_qgstwfrm\\\/\"}]}<\/script>\n<!-- \/ Yoast SEO plugin. -->","yoast_head_json":{"title":"Come\u00e7amos o ano de 2024 a mudar a imagem! - SOFIMA","robots":{"index":"index","follow":"follow","max-snippet":"max-snippet:-1","max-image-preview":"max-image-preview:large","max-video-preview":"max-video-preview:-1"},"canonical":"https:\/\/sofima.pt\/en\/comecamos-o-ano-de-2024-a-mudar-a-imagem\/","og_locale":"en_US","og_type":"article","og_title":"Come\u00e7amos o ano de 2024 a mudar a imagem! - SOFIMA","og_description":"Come\u00e7amos o ano de 2024 a mudar a imagem! A fachada da SOFIMA foi totalmente renovada. Foram feitas obras de conserva\u00e7\u00e3o na parte exterior da...","og_url":"https:\/\/sofima.pt\/en\/comecamos-o-ano-de-2024-a-mudar-a-imagem\/","og_site_name":"SOFIMA","article_published_time":"2024-03-13T10:39:35+00:00","article_modified_time":"2024-03-13T10:49:49+00:00","og_image":[{"width":1920,"height":1440,"url":"https:\/\/sofima.pt\/wp-content\/uploads\/2024\/03\/IMG_20240312_135910.jpg","type":"image\/jpeg"}],"author":"admin","twitter_card":"summary_large_image","twitter_misc":{"Written by":"admin","Est. reading time":"2 minutes"},"schema":{"@context":"https:\/\/schema.org","@graph":[{"@type":"Article","@id":"https:\/\/sofima.pt\/en\/comecamos-o-ano-de-2024-a-mudar-a-imagem\/#article","isPartOf":{"@id":"https:\/\/sofima.pt\/en\/comecamos-o-ano-de-2024-a-mudar-a-imagem\/"},"author":{"name":"admin","@id":"https:\/\/sofima.pt\/en\/#\/schema\/person\/da7c3389b7fd2dfe441b2d931d51af8b"},"headline":"Come\u00e7amos o ano de 2024 a mudar a imagem!","datePublished":"2024-03-13T10:39:35+00:00","dateModified":"2024-03-13T10:49:49+00:00","mainEntityOfPage":{"@id":"https:\/\/sofima.pt\/en\/comecamos-o-ano-de-2024-a-mudar-a-imagem\/"},"wordCount":74,"publisher":{"@id":"https:\/\/sofima.pt\/en\/#organization"},"image":{"@id":"https:\/\/sofima.pt\/en\/comecamos-o-ano-de-2024-a-mudar-a-imagem\/#primaryimage"},"thumbnailUrl":"https:\/\/sofima.pt\/wp-content\/uploads\/2024\/03\/IMG_20240312_135910.jpg","articleSection":["Not\u00edcias"],"inLanguage":"en-US"},{"@type":"WebPage","@id":"https:\/\/sofima.pt\/en\/comecamos-o-ano-de-2024-a-mudar-a-imagem\/","url":"https:\/\/sofima.pt\/en\/comecamos-o-ano-de-2024-a-mudar-a-imagem\/","name":"Come\u00e7amos o ano de 2024 a mudar a imagem! - SOFIMA","isPartOf":{"@id":"https:\/\/sofima.pt\/en\/#website"},"primaryImageOfPage":{"@id":"https:\/\/sofima.pt\/en\/comecamos-o-ano-de-2024-a-mudar-a-imagem\/#primaryimage"},"image":{"@id":"https:\/\/sofima.pt\/en\/comecamos-o-ano-de-2024-a-mudar-a-imagem\/#primaryimage"},"thumbnailUrl":"https:\/\/sofima.pt\/wp-content\/uploads\/2024\/03\/IMG_20240312_135910.jpg","datePublished":"2024-03-13T10:39:35+00:00","dateModified":"2024-03-13T10:49:49+00:00","breadcrumb":{"@id":"https:\/\/sofima.pt\/en\/comecamos-o-ano-de-2024-a-mudar-a-imagem\/#breadcrumb"},"inLanguage":"en-US","potentialAction":[{"@type":"ReadAction","target":["https:\/\/sofima.pt\/en\/comecamos-o-ano-de-2024-a-mudar-a-imagem\/"]}]},{"@type":"ImageObject","inLanguage":"en-US","@id":"https:\/\/sofima.pt\/en\/comecamos-o-ano-de-2024-a-mudar-a-imagem\/#primaryimage","url":"https:\/\/sofima.pt\/wp-content\/uploads\/2024\/03\/IMG_20240312_135910.jpg","contentUrl":"https:\/\/sofima.pt\/wp-content\/uploads\/2024\/03\/IMG_20240312_135910.jpg","width":1920,"height":1440},{"@type":"BreadcrumbList","@id":"https:\/\/sofima.pt\/en\/comecamos-o-ano-de-2024-a-mudar-a-imagem\/#breadcrumb","itemListElement":[{"@type":"ListItem","position":1,"name":"In\u00edcio","item":"https:\/\/sofima.pt\/en\/"},{"@type":"ListItem","position":2,"name":"Come\u00e7amos o ano de 2024 a mudar a imagem!"}]},{"@type":"WebSite","@id":"https:\/\/sofima.pt\/en\/#website","url":"https:\/\/sofima.pt\/en\/","name":"SOFIMA","description":"HANDLES OF PORTUGAL","publisher":{"@id":"https:\/\/sofima.pt\/en\/#organization"},"potentialAction":[{"@type":"SearchAction","target":{"@type":"EntryPoint","urlTemplate":"https:\/\/sofima.pt\/en\/?s={search_term_string}"},"query-input":{"@type":"PropertyValueSpecification","valueRequired":true,"valueName":"search_term_string"}}],"inLanguage":"en-US"},{"@type":"Organization","@id":"https:\/\/sofima.pt\/en\/#organization","name":"SOFIMA","url":"https:\/\/sofima.pt\/en\/","logo":{"@type":"ImageObject","inLanguage":"en-US","@id":"https:\/\/sofima.pt\/en\/#\/schema\/logo\/image\/","url":"https:\/\/sofima.pt\/wp-content\/uploads\/2023\/03\/sofima.pt-logotipo-horizontal-cor-retina.png","contentUrl":"https:\/\/sofima.pt\/wp-content\/uploads\/2023\/03\/sofima.pt-logotipo-horizontal-cor-retina.png","width":1920,"height":676,"caption":"SOFIMA"},"image":{"@id":"https:\/\/sofima.pt\/en\/#\/schema\/logo\/image\/"}},{"@type":"Person","@id":"https:\/\/sofima.pt\/en\/#\/schema\/person\/da7c3389b7fd2dfe441b2d931d51af8b","name":"admin","image":{"@type":"ImageObject","inLanguage":"en-US","@id":"https:\/\/secure.gravatar.com\/avatar\/8ce7d6850e9f1801d454889885e336d366f243f4d60c5079b3f0bde0f1906967?s=96&d=mm&r=g","url":"https:\/\/secure.gravatar.com\/avatar\/8ce7d6850e9f1801d454889885e336d366f243f4d60c5079b3f0bde0f1906967?s=96&d=mm&r=g","contentUrl":"https:\/\/secure.gravatar.com\/avatar\/8ce7d6850e9f1801d454889885e336d366f243f4d60c5079b3f0bde0f1906967?s=96&d=mm&r=g","caption":"admin"},"sameAs":["https:\/\/sofima.pt"],"url":"https:\/\/sofima.pt\/en\/author\/admin_qgstwfrm\/"}]}},"_links":{"self":[{"href":"https:\/\/sofima.pt\/en\/wp-json\/wp\/v2\/posts\/6999","targetHints":{"allow":["GET"]}}],"collection":[{"href":"https:\/\/sofima.pt\/en\/wp-json\/wp\/v2\/posts"}],"about":[{"href":"https:\/\/sofima.pt\/en\/wp-json\/wp\/v2\/types\/post"}],"author":[{"embeddable":true,"href":"https:\/\/sofima.pt\/en\/wp-json\/wp\/v2\/users\/1"}],"replies":[{"embeddable":true,"href":"https:\/\/sofima.pt\/en\/wp-json\/wp\/v2\/comments?post=6999"}],"version-history":[{"count":5,"href":"https:\/\/sofima.pt\/en\/wp-json\/wp\/v2\/posts\/6999\/revisions"}],"predecessor-version":[{"id":7013,"href":"https:\/\/sofima.pt\/en\/wp-json\/wp\/v2\/posts\/6999\/revisions\/7013"}],"wp:featuredmedia":[{"embeddable":true,"href":"https:\/\/sofima.pt\/en\/wp-json\/wp\/v2\/media\/7003"}],"wp:attachment":[{"href":"https:\/\/sofima.pt\/en\/wp-json\/wp\/v2\/media?parent=6999"}],"wp:term":[{"taxonomy":"category","embeddable":true,"href":"https:\/\/sofima.pt\/en\/wp-json\/wp\/v2\/categories?post=6999"},{"taxonomy":"post_tag","embeddable":true,"href":"https:\/\/sofima.pt\/en\/wp-json\/wp\/v2\/tags?post=6999"}],"curies":[{"name":"wp","href":"https:\/\/api.w.org\/{rel}","templated":true}]}}