{"id":7235,"date":"2025-05-07T12:37:40","date_gmt":"2025-05-07T12:37:40","guid":{"rendered":"https:\/\/sofima.pt\/?p=7235"},"modified":"2025-05-07T12:38:56","modified_gmt":"2025-05-07T12:38:56","slug":"sofima-marca-presenca-na-global-industrie-midest-lyon-2025","status":"publish","type":"post","link":"https:\/\/sofima.pt\/en\/sofima-marca-presenca-na-global-industrie-midest-lyon-2025\/","title":{"rendered":"SOFIMA Marca Presen\u00e7a na GLOBAL INDUSTRIE \u2013 MIDEST LYON 2025"},"content":{"rendered":"\n<figure class=\"wp-block-image size-full\"><img decoding=\"async\" width=\"1600\" height=\"1066\" sizes=\"(max-width: 1600px) 100vw, 1600px\" src=\"https:\/\/sofima.pt\/wp-content\/uploads\/2025\/05\/2.jpg\" alt=\"\" class=\"wp-image-7239\" srcset=\"https:\/\/sofima.pt\/wp-content\/uploads\/2025\/05\/2.jpg 1600w, https:\/\/sofima.pt\/wp-content\/uploads\/2025\/05\/2-300x200.jpg 300w, https:\/\/sofima.pt\/wp-content\/uploads\/2025\/05\/2-1024x682.jpg 1024w, https:\/\/sofima.pt\/wp-content\/uploads\/2025\/05\/2-768x512.jpg 768w, https:\/\/sofima.pt\/wp-content\/uploads\/2025\/05\/2-1536x1023.jpg 1536w, https:\/\/sofima.pt\/wp-content\/uploads\/2025\/05\/2-900x600.jpg 900w\" \/><\/figure>\n\n\n\n<p>A <strong>SOFIMA<\/strong>, reconhecida pela sua excel\u00eancia no setor industrial, marcou presen\u00e7a na <strong>GLOBAL INDUSTRIE \u2013 MIDEST LYON 2025<\/strong>, uma das mais prestigiadas feiras internacionais de subcontrata\u00e7\u00e3o industrial. O evento decorreu entre os dias 11 e 14 de mar\u00e7o de 2025, no Eurexpo, em Lyon.<\/p>\n\n\n\n<p>A participa\u00e7\u00e3o da SOFIMA nesta importante feira sublinha o seu compromisso cont\u00ednuo com a inova\u00e7\u00e3o, a procura de novas parcerias estrat\u00e9gicas e a expans\u00e3o da sua presen\u00e7a no mercado global. A GLOBAL INDUSTRIE \u2013 MIDEST \u00e9 um ponto de encontro crucial para os principais intervenientes da ind\u00fastria, oferecendo uma plataforma \u00fanica para a troca de conhecimentos, a apresenta\u00e7\u00e3o de novas tecnologias e o estabelecimento de contactos comerciais valiosos.<\/p>\n\n\n\n<p>Durante os quatro dias do evento, a equipa da SOFIMA teve a oportunidade de apresentar as suas capacidades e solu\u00e7\u00f5es inovadoras, interagir com potenciais clientes e fornecedores, e inteirar-se das \u00faltimas tend\u00eancias e desenvolvimentos no setor da subcontrata\u00e7\u00e3o industrial.<\/p>\n\n\n\n<p>A presen\u00e7a na GLOBAL INDUSTRIE \u2013 MIDEST LYON 2025 refor\u00e7a a posi\u00e7\u00e3o da SOFIMA como um parceiro de confian\u00e7a e um fornecedor de solu\u00e7\u00f5es de vanguarda, demonstrando a sua dedica\u00e7\u00e3o em responder \u00e0s necessidades cada vez mais exigentes do mercado industrial. A empresa encara esta participa\u00e7\u00e3o como um passo importante para o fortalecimento da sua rede de contactos e para a identifica\u00e7\u00e3o de novas oportunidades de neg\u00f3cio que impulsionar\u00e3o o seu crescimento futuro.<\/p>\n","protected":false},"excerpt":{"rendered":"<p>A SOFIMA, reconhecida pela sua excel\u00eancia no setor industrial, marcou presen\u00e7a na GLOBAL INDUSTRIE \u2013 MIDEST LYON 2025, uma das mais prestigiadas feiras internacionais de&#8230;<\/p>\n","protected":false},"author":1,"featured_media":7236,"comment_status":"closed","ping_status":"closed","sticky":false,"template":"","format":"standard","meta":{"footnotes":""},"categories":[18],"tags":[],"class_list":{"0":"post-7235","1":"post","2":"type-post","3":"status-publish","4":"format-standard","5":"has-post-thumbnail","7":"category-noticias"},"yoast_head":"<!-- This site is optimized with the Yoast SEO plugin v27.5 - https:\/\/yoast.com\/product\/yoast-seo-wordpress\/ -->\n<title>SOFIMA Marca Presen\u00e7a na GLOBAL INDUSTRIE \u2013 MIDEST LYON 2025 - SOFIMA<\/title>\n<meta name=\"robots\" content=\"index, follow, max-snippet:-1, max-image-preview:large, max-video-preview:-1\" \/>\n<link rel=\"canonical\" href=\"https:\/\/sofima.pt\/en\/sofima-marca-presenca-na-global-industrie-midest-lyon-2025\/\" \/>\n<meta property=\"og:locale\" content=\"en_US\" \/>\n<meta property=\"og:type\" content=\"article\" \/>\n<meta property=\"og:title\" content=\"SOFIMA Marca Presen\u00e7a na GLOBAL INDUSTRIE \u2013 MIDEST LYON 2025 - SOFIMA\" \/>\n<meta property=\"og:description\" content=\"A SOFIMA, reconhecida pela sua excel\u00eancia no setor industrial, marcou presen\u00e7a na GLOBAL INDUSTRIE \u2013 MIDEST LYON 2025, uma das mais prestigiadas feiras internacionais de...\" \/>\n<meta property=\"og:url\" content=\"https:\/\/sofima.pt\/en\/sofima-marca-presenca-na-global-industrie-midest-lyon-2025\/\" \/>\n<meta property=\"og:site_name\" content=\"SOFIMA\" \/>\n<meta property=\"article:published_time\" content=\"2025-05-07T12:37:40+00:00\" \/>\n<meta property=\"article:modified_time\" content=\"2025-05-07T12:38:56+00:00\" \/>\n<meta property=\"og:image\" content=\"https:\/\/sofima.pt\/wp-content\/uploads\/2025\/05\/1.jpg\" \/>\n\t<meta property=\"og:image:width\" content=\"1600\" \/>\n\t<meta property=\"og:image:height\" content=\"1200\" \/>\n\t<meta property=\"og:image:type\" content=\"image\/jpeg\" \/>\n<meta name=\"author\" content=\"admin\" \/>\n<meta name=\"twitter:card\" content=\"summary_large_image\" \/>\n<meta name=\"twitter:label1\" content=\"Written by\" \/>\n\t<meta name=\"twitter:data1\" content=\"admin\" \/>\n\t<meta name=\"twitter:label2\" content=\"Est. reading time\" \/>\n\t<meta name=\"twitter:data2\" content=\"2 minutes\" \/>\n<script type=\"application\/ld+json\" class=\"yoast-schema-graph\">{\"@context\":\"https:\\\/\\\/schema.org\",\"@graph\":[{\"@type\":\"Article\",\"@id\":\"https:\\\/\\\/sofima.pt\\\/en\\\/sofima-marca-presenca-na-global-industrie-midest-lyon-2025\\\/#article\",\"isPartOf\":{\"@id\":\"https:\\\/\\\/sofima.pt\\\/en\\\/sofima-marca-presenca-na-global-industrie-midest-lyon-2025\\\/\"},\"author\":{\"name\":\"admin\",\"@id\":\"https:\\\/\\\/sofima.pt\\\/en\\\/#\\\/schema\\\/person\\\/da7c3389b7fd2dfe441b2d931d51af8b\"},\"headline\":\"SOFIMA Marca Presen\u00e7a na GLOBAL INDUSTRIE \u2013 MIDEST LYON 2025\",\"datePublished\":\"2025-05-07T12:37:40+00:00\",\"dateModified\":\"2025-05-07T12:38:56+00:00\",\"mainEntityOfPage\":{\"@id\":\"https:\\\/\\\/sofima.pt\\\/en\\\/sofima-marca-presenca-na-global-industrie-midest-lyon-2025\\\/\"},\"wordCount\":249,\"publisher\":{\"@id\":\"https:\\\/\\\/sofima.pt\\\/en\\\/#organization\"},\"image\":{\"@id\":\"https:\\\/\\\/sofima.pt\\\/en\\\/sofima-marca-presenca-na-global-industrie-midest-lyon-2025\\\/#primaryimage\"},\"thumbnailUrl\":\"https:\\\/\\\/sofima.pt\\\/wp-content\\\/uploads\\\/2025\\\/05\\\/1.jpg\",\"articleSection\":[\"Not\u00edcias\"],\"inLanguage\":\"en-US\"},{\"@type\":\"WebPage\",\"@id\":\"https:\\\/\\\/sofima.pt\\\/en\\\/sofima-marca-presenca-na-global-industrie-midest-lyon-2025\\\/\",\"url\":\"https:\\\/\\\/sofima.pt\\\/en\\\/sofima-marca-presenca-na-global-industrie-midest-lyon-2025\\\/\",\"name\":\"SOFIMA Marca Presen\u00e7a na GLOBAL INDUSTRIE \u2013 MIDEST LYON 2025 - SOFIMA\",\"isPartOf\":{\"@id\":\"https:\\\/\\\/sofima.pt\\\/en\\\/#website\"},\"primaryImageOfPage\":{\"@id\":\"https:\\\/\\\/sofima.pt\\\/en\\\/sofima-marca-presenca-na-global-industrie-midest-lyon-2025\\\/#primaryimage\"},\"image\":{\"@id\":\"https:\\\/\\\/sofima.pt\\\/en\\\/sofima-marca-presenca-na-global-industrie-midest-lyon-2025\\\/#primaryimage\"},\"thumbnailUrl\":\"https:\\\/\\\/sofima.pt\\\/wp-content\\\/uploads\\\/2025\\\/05\\\/1.jpg\",\"datePublished\":\"2025-05-07T12:37:40+00:00\",\"dateModified\":\"2025-05-07T12:38:56+00:00\",\"breadcrumb\":{\"@id\":\"https:\\\/\\\/sofima.pt\\\/en\\\/sofima-marca-presenca-na-global-industrie-midest-lyon-2025\\\/#breadcrumb\"},\"inLanguage\":\"en-US\",\"potentialAction\":[{\"@type\":\"ReadAction\",\"target\":[\"https:\\\/\\\/sofima.pt\\\/en\\\/sofima-marca-presenca-na-global-industrie-midest-lyon-2025\\\/\"]}]},{\"@type\":\"ImageObject\",\"inLanguage\":\"en-US\",\"@id\":\"https:\\\/\\\/sofima.pt\\\/en\\\/sofima-marca-presenca-na-global-industrie-midest-lyon-2025\\\/#primaryimage\",\"url\":\"https:\\\/\\\/sofima.pt\\\/wp-content\\\/uploads\\\/2025\\\/05\\\/1.jpg\",\"contentUrl\":\"https:\\\/\\\/sofima.pt\\\/wp-content\\\/uploads\\\/2025\\\/05\\\/1.jpg\",\"width\":1600,\"height\":1200},{\"@type\":\"BreadcrumbList\",\"@id\":\"https:\\\/\\\/sofima.pt\\\/en\\\/sofima-marca-presenca-na-global-industrie-midest-lyon-2025\\\/#breadcrumb\",\"itemListElement\":[{\"@type\":\"ListItem\",\"position\":1,\"name\":\"In\u00edcio\",\"item\":\"https:\\\/\\\/sofima.pt\\\/en\\\/\"},{\"@type\":\"ListItem\",\"position\":2,\"name\":\"SOFIMA Marca Presen\u00e7a na GLOBAL INDUSTRIE \u2013 MIDEST LYON 2025\"}]},{\"@type\":\"WebSite\",\"@id\":\"https:\\\/\\\/sofima.pt\\\/en\\\/#website\",\"url\":\"https:\\\/\\\/sofima.pt\\\/en\\\/\",\"name\":\"SOFIMA\",\"description\":\"HANDLES OF PORTUGAL\",\"publisher\":{\"@id\":\"https:\\\/\\\/sofima.pt\\\/en\\\/#organization\"},\"potentialAction\":[{\"@type\":\"SearchAction\",\"target\":{\"@type\":\"EntryPoint\",\"urlTemplate\":\"https:\\\/\\\/sofima.pt\\\/en\\\/?s={search_term_string}\"},\"query-input\":{\"@type\":\"PropertyValueSpecification\",\"valueRequired\":true,\"valueName\":\"search_term_string\"}}],\"inLanguage\":\"en-US\"},{\"@type\":\"Organization\",\"@id\":\"https:\\\/\\\/sofima.pt\\\/en\\\/#organization\",\"name\":\"SOFIMA\",\"url\":\"https:\\\/\\\/sofima.pt\\\/en\\\/\",\"logo\":{\"@type\":\"ImageObject\",\"inLanguage\":\"en-US\",\"@id\":\"https:\\\/\\\/sofima.pt\\\/en\\\/#\\\/schema\\\/logo\\\/image\\\/\",\"url\":\"https:\\\/\\\/sofima.pt\\\/wp-content\\\/uploads\\\/2023\\\/03\\\/sofima.pt-logotipo-horizontal-cor-retina.png\",\"contentUrl\":\"https:\\\/\\\/sofima.pt\\\/wp-content\\\/uploads\\\/2023\\\/03\\\/sofima.pt-logotipo-horizontal-cor-retina.png\",\"width\":1920,\"height\":676,\"caption\":\"SOFIMA\"},\"image\":{\"@id\":\"https:\\\/\\\/sofima.pt\\\/en\\\/#\\\/schema\\\/logo\\\/image\\\/\"}},{\"@type\":\"Person\",\"@id\":\"https:\\\/\\\/sofima.pt\\\/en\\\/#\\\/schema\\\/person\\\/da7c3389b7fd2dfe441b2d931d51af8b\",\"name\":\"admin\",\"image\":{\"@type\":\"ImageObject\",\"inLanguage\":\"en-US\",\"@id\":\"https:\\\/\\\/secure.gravatar.com\\\/avatar\\\/8ce7d6850e9f1801d454889885e336d366f243f4d60c5079b3f0bde0f1906967?s=96&d=mm&r=g\",\"url\":\"https:\\\/\\\/secure.gravatar.com\\\/avatar\\\/8ce7d6850e9f1801d454889885e336d366f243f4d60c5079b3f0bde0f1906967?s=96&d=mm&r=g\",\"contentUrl\":\"https:\\\/\\\/secure.gravatar.com\\\/avatar\\\/8ce7d6850e9f1801d454889885e336d366f243f4d60c5079b3f0bde0f1906967?s=96&d=mm&r=g\",\"caption\":\"admin\"},\"sameAs\":[\"https:\\\/\\\/sofima.pt\"],\"url\":\"https:\\\/\\\/sofima.pt\\\/en\\\/author\\\/admin_qgstwfrm\\\/\"}]}<\/script>\n<!-- \/ Yoast SEO plugin. -->","yoast_head_json":{"title":"SOFIMA Marca Presen\u00e7a na GLOBAL INDUSTRIE \u2013 MIDEST LYON 2025 - SOFIMA","robots":{"index":"index","follow":"follow","max-snippet":"max-snippet:-1","max-image-preview":"max-image-preview:large","max-video-preview":"max-video-preview:-1"},"canonical":"https:\/\/sofima.pt\/en\/sofima-marca-presenca-na-global-industrie-midest-lyon-2025\/","og_locale":"en_US","og_type":"article","og_title":"SOFIMA Marca Presen\u00e7a na GLOBAL INDUSTRIE \u2013 MIDEST LYON 2025 - SOFIMA","og_description":"A SOFIMA, reconhecida pela sua excel\u00eancia no setor industrial, marcou presen\u00e7a na GLOBAL INDUSTRIE \u2013 MIDEST LYON 2025, uma das mais prestigiadas feiras internacionais de...","og_url":"https:\/\/sofima.pt\/en\/sofima-marca-presenca-na-global-industrie-midest-lyon-2025\/","og_site_name":"SOFIMA","article_published_time":"2025-05-07T12:37:40+00:00","article_modified_time":"2025-05-07T12:38:56+00:00","og_image":[{"width":1600,"height":1200,"url":"https:\/\/sofima.pt\/wp-content\/uploads\/2025\/05\/1.jpg","type":"image\/jpeg"}],"author":"admin","twitter_card":"summary_large_image","twitter_misc":{"Written by":"admin","Est. reading time":"2 minutes"},"schema":{"@context":"https:\/\/schema.org","@graph":[{"@type":"Article","@id":"https:\/\/sofima.pt\/en\/sofima-marca-presenca-na-global-industrie-midest-lyon-2025\/#article","isPartOf":{"@id":"https:\/\/sofima.pt\/en\/sofima-marca-presenca-na-global-industrie-midest-lyon-2025\/"},"author":{"name":"admin","@id":"https:\/\/sofima.pt\/en\/#\/schema\/person\/da7c3389b7fd2dfe441b2d931d51af8b"},"headline":"SOFIMA Marca Presen\u00e7a na GLOBAL INDUSTRIE \u2013 MIDEST LYON 2025","datePublished":"2025-05-07T12:37:40+00:00","dateModified":"2025-05-07T12:38:56+00:00","mainEntityOfPage":{"@id":"https:\/\/sofima.pt\/en\/sofima-marca-presenca-na-global-industrie-midest-lyon-2025\/"},"wordCount":249,"publisher":{"@id":"https:\/\/sofima.pt\/en\/#organization"},"image":{"@id":"https:\/\/sofima.pt\/en\/sofima-marca-presenca-na-global-industrie-midest-lyon-2025\/#primaryimage"},"thumbnailUrl":"https:\/\/sofima.pt\/wp-content\/uploads\/2025\/05\/1.jpg","articleSection":["Not\u00edcias"],"inLanguage":"en-US"},{"@type":"WebPage","@id":"https:\/\/sofima.pt\/en\/sofima-marca-presenca-na-global-industrie-midest-lyon-2025\/","url":"https:\/\/sofima.pt\/en\/sofima-marca-presenca-na-global-industrie-midest-lyon-2025\/","name":"SOFIMA Marca Presen\u00e7a na GLOBAL INDUSTRIE \u2013 MIDEST LYON 2025 - SOFIMA","isPartOf":{"@id":"https:\/\/sofima.pt\/en\/#website"},"primaryImageOfPage":{"@id":"https:\/\/sofima.pt\/en\/sofima-marca-presenca-na-global-industrie-midest-lyon-2025\/#primaryimage"},"image":{"@id":"https:\/\/sofima.pt\/en\/sofima-marca-presenca-na-global-industrie-midest-lyon-2025\/#primaryimage"},"thumbnailUrl":"https:\/\/sofima.pt\/wp-content\/uploads\/2025\/05\/1.jpg","datePublished":"2025-05-07T12:37:40+00:00","dateModified":"2025-05-07T12:38:56+00:00","breadcrumb":{"@id":"https:\/\/sofima.pt\/en\/sofima-marca-presenca-na-global-industrie-midest-lyon-2025\/#breadcrumb"},"inLanguage":"en-US","potentialAction":[{"@type":"ReadAction","target":["https:\/\/sofima.pt\/en\/sofima-marca-presenca-na-global-industrie-midest-lyon-2025\/"]}]},{"@type":"ImageObject","inLanguage":"en-US","@id":"https:\/\/sofima.pt\/en\/sofima-marca-presenca-na-global-industrie-midest-lyon-2025\/#primaryimage","url":"https:\/\/sofima.pt\/wp-content\/uploads\/2025\/05\/1.jpg","contentUrl":"https:\/\/sofima.pt\/wp-content\/uploads\/2025\/05\/1.jpg","width":1600,"height":1200},{"@type":"BreadcrumbList","@id":"https:\/\/sofima.pt\/en\/sofima-marca-presenca-na-global-industrie-midest-lyon-2025\/#breadcrumb","itemListElement":[{"@type":"ListItem","position":1,"name":"In\u00edcio","item":"https:\/\/sofima.pt\/en\/"},{"@type":"ListItem","position":2,"name":"SOFIMA Marca Presen\u00e7a na GLOBAL INDUSTRIE \u2013 MIDEST LYON 2025"}]},{"@type":"WebSite","@id":"https:\/\/sofima.pt\/en\/#website","url":"https:\/\/sofima.pt\/en\/","name":"SOFIMA","description":"HANDLES OF PORTUGAL","publisher":{"@id":"https:\/\/sofima.pt\/en\/#organization"},"potentialAction":[{"@type":"SearchAction","target":{"@type":"EntryPoint","urlTemplate":"https:\/\/sofima.pt\/en\/?s={search_term_string}"},"query-input":{"@type":"PropertyValueSpecification","valueRequired":true,"valueName":"search_term_string"}}],"inLanguage":"en-US"},{"@type":"Organization","@id":"https:\/\/sofima.pt\/en\/#organization","name":"SOFIMA","url":"https:\/\/sofima.pt\/en\/","logo":{"@type":"ImageObject","inLanguage":"en-US","@id":"https:\/\/sofima.pt\/en\/#\/schema\/logo\/image\/","url":"https:\/\/sofima.pt\/wp-content\/uploads\/2023\/03\/sofima.pt-logotipo-horizontal-cor-retina.png","contentUrl":"https:\/\/sofima.pt\/wp-content\/uploads\/2023\/03\/sofima.pt-logotipo-horizontal-cor-retina.png","width":1920,"height":676,"caption":"SOFIMA"},"image":{"@id":"https:\/\/sofima.pt\/en\/#\/schema\/logo\/image\/"}},{"@type":"Person","@id":"https:\/\/sofima.pt\/en\/#\/schema\/person\/da7c3389b7fd2dfe441b2d931d51af8b","name":"admin","image":{"@type":"ImageObject","inLanguage":"en-US","@id":"https:\/\/secure.gravatar.com\/avatar\/8ce7d6850e9f1801d454889885e336d366f243f4d60c5079b3f0bde0f1906967?s=96&d=mm&r=g","url":"https:\/\/secure.gravatar.com\/avatar\/8ce7d6850e9f1801d454889885e336d366f243f4d60c5079b3f0bde0f1906967?s=96&d=mm&r=g","contentUrl":"https:\/\/secure.gravatar.com\/avatar\/8ce7d6850e9f1801d454889885e336d366f243f4d60c5079b3f0bde0f1906967?s=96&d=mm&r=g","caption":"admin"},"sameAs":["https:\/\/sofima.pt"],"url":"https:\/\/sofima.pt\/en\/author\/admin_qgstwfrm\/"}]}},"_links":{"self":[{"href":"https:\/\/sofima.pt\/en\/wp-json\/wp\/v2\/posts\/7235","targetHints":{"allow":["GET"]}}],"collection":[{"href":"https:\/\/sofima.pt\/en\/wp-json\/wp\/v2\/posts"}],"about":[{"href":"https:\/\/sofima.pt\/en\/wp-json\/wp\/v2\/types\/post"}],"author":[{"embeddable":true,"href":"https:\/\/sofima.pt\/en\/wp-json\/wp\/v2\/users\/1"}],"replies":[{"embeddable":true,"href":"https:\/\/sofima.pt\/en\/wp-json\/wp\/v2\/comments?post=7235"}],"version-history":[{"count":1,"href":"https:\/\/sofima.pt\/en\/wp-json\/wp\/v2\/posts\/7235\/revisions"}],"predecessor-version":[{"id":7242,"href":"https:\/\/sofima.pt\/en\/wp-json\/wp\/v2\/posts\/7235\/revisions\/7242"}],"wp:featuredmedia":[{"embeddable":true,"href":"https:\/\/sofima.pt\/en\/wp-json\/wp\/v2\/media\/7236"}],"wp:attachment":[{"href":"https:\/\/sofima.pt\/en\/wp-json\/wp\/v2\/media?parent=7235"}],"wp:term":[{"taxonomy":"category","embeddable":true,"href":"https:\/\/sofima.pt\/en\/wp-json\/wp\/v2\/categories?post=7235"},{"taxonomy":"post_tag","embeddable":true,"href":"https:\/\/sofima.pt\/en\/wp-json\/wp\/v2\/tags?post=7235"}],"curies":[{"name":"wp","href":"https:\/\/api.w.org\/{rel}","templated":true}]}}